{"id":2830,"date":"2026-08-28T17:13:40","date_gmt":"2026-08-28T22:13:40","guid":{"rendered":"https:\/\/sjcarib.org\/?p=2830"},"modified":"2026-08-28T17:13:44","modified_gmt":"2026-08-28T22:13:44","slug":"fundacion-garrido-impulsando-el-futuro-de-los-jovenes-dominicanos","status":"publish","type":"post","link":"https:\/\/sjcarib.org\/en\/fundacion-garrido-impulsando-el-futuro-de-los-jovenes-dominicanos\/","title":{"rendered":"Garrido Foundation: boosting the future of Dominican youth"},"content":{"rendered":"\n<p class=\"wp-block-paragraph\">En Quisqueya hay j\u00f3venes con talento, disciplina y ganas de superarse, pero a quienes los recursos econ\u00f3micos no les alcanzan para continuar sus estudios ni acceder a mejores oportunidades laborales. Por eso, la Compa\u00f1\u00eda de Jes\u00fas en la Rep\u00fablica Dominicana se ha unido a Fundaci\u00f3n Garrido para ofrecerles un cr\u00e9dito educativo solidario en condiciones sumamente favorables.<\/p>\n\n\n\n<p class=\"wp-block-paragraph\">Fundaci\u00f3n Garrido cuenta con un fondo destinado a programas de formaci\u00f3n que contribuyen tanto al desarrollo personal como al del pa\u00eds, y ha confiado su administraci\u00f3n a la Compa\u00f1\u00eda de Jes\u00fas. El fondo cubre oficios t\u00e9cnicos, carreras t\u00e9cnicas, carreras de grado e incluso estudios de posgrado.<\/p>\n\n\n\n<p class=\"wp-block-paragraph\">Para acceder al cr\u00e9dito, el \u00fanico requisito es demostrar capacidad y compromiso acad\u00e9mico. Entre sus principales beneficios est\u00e1n:<\/p>\n\n\n\n<ul class=\"wp-block-list\">\n<li><strong>Periodo de gracia:<\/strong> el estudiante no paga mientras cursa sus estudios.<\/li>\n\n\n\n<li><strong>Tasa de inter\u00e9s<\/strong> muy por debajo de la del mercado.<\/li>\n\n\n\n<li><strong>Plazo de pago extendido.<\/strong><\/li>\n\n\n\n<li><strong>Desembolso directo<\/strong> a la instituci\u00f3n educativa correspondiente.<\/li>\n<\/ul>\n\n\n\n<p class=\"wp-block-paragraph\">La iniciativa naci\u00f3 de una convicci\u00f3n sencilla pero profunda: el dinero no deber\u00eda ser la raz\u00f3n por la que un joven talentoso se quede sin estudiar. No se trata de una donaci\u00f3n, sino de un cr\u00e9dito educativo solidario, y ah\u00ed radica su singularidad: cuando el joven devuelve lo recibido, ese mismo dinero abre la puerta a otro joven que sue\u00f1a con estudiar. As\u00ed se teje una cadena de oportunidades donde cada generaci\u00f3n impulsa a la siguiente.<\/p>\n\n\n\n<p class=\"wp-block-paragraph\">Con esta convicci\u00f3n, abrimos la convocatoria de solicitudes, con la esperanza de seguir acompa\u00f1ando a m\u00e1s j\u00f3venes dominicanos en el camino hacia sus sue\u00f1os.<\/p>\n\n\n\n<p class=\"wp-block-paragraph\">\ud83d\udce9 <strong>\u00bfQuieres saber m\u00e1s?<\/strong> Escr\u00edbenos a fundaciongarrido@sjcarib.org o ll\u00e1manos al (+1) 809 532-5628.<\/p>\n\n\n\n<p class=\"has-medium-font-size wp-block-paragraph\">\ud83d\udd17 [<a href=\"https:\/\/drive.google.com\/drive\/folders\/1CDjdXsdyeiVx5QF2pl5N_8SD3qJ4uI6Z?usp=sharing\"><strong>Conoce m\u00e1s sobre el cr\u00e9dito educativo aqu\u00ed]<\/strong><\/a><\/p>\n\n\n\n<p class=\"wp-block-paragraph\"><\/p>\n","protected":false},"excerpt":{"rendered":"<p>En Quisqueya hay j\u00f3venes con talento, disciplina y ganas de superarse, pero a quienes los recursos econ\u00f3micos no les alcanzan para continuar sus estudios ni acceder a mejores oportunidades laborales. Por eso, la Compa\u00f1\u00eda de Jes\u00fas en la Rep\u00fablica Dominicana se ha unido a Fundaci\u00f3n Garrido para ofrecerles un cr\u00e9dito educativo solidario en condiciones sumamente [&hellip;]<\/p>\n","protected":false},"author":2,"featured_media":2831,"comment_status":"closed","ping_status":"closed","sticky":false,"template":"","format":"standard","meta":{"footnotes":""},"categories":[30,23,24],"tags":[],"class_list":["post-2830","post","type-post","status-publish","format-standard","has-post-thumbnail","hentry","category-jesuitas-caribe","category-oficina-de-comunicaciones","category-republica-dominicana"],"yoast_head":"<!-- This site is optimized with the Yoast SEO plugin v27.7 - https:\/\/yoast.com\/product\/yoast-seo-wordpress\/ -->\n<title>Fundaci\u00f3n Garrido: impulsando el futuro de los j\u00f3venes dominicanos - Provincia Jesuita del Caribe - Compa\u00f1\u00eda de Jes\u00fas<\/title>\n<meta name=\"robots\" content=\"index, follow, max-snippet:-1, max-image-preview:large, max-video-preview:-1\" \/>\n<link rel=\"canonical\" href=\"https:\/\/sjcarib.org\/en\/fundacion-garrido-impulsando-el-futuro-de-los-jovenes-dominicanos\/\" \/>\n<meta property=\"og:locale\" content=\"en_US\" \/>\n<meta property=\"og:type\" content=\"article\" \/>\n<meta property=\"og:title\" content=\"Fundaci\u00f3n Garrido: impulsando el futuro de los j\u00f3venes dominicanos - Provincia Jesuita del Caribe - Compa\u00f1\u00eda de Jes\u00fas\" \/>\n<meta property=\"og:description\" content=\"En Quisqueya hay j\u00f3venes con talento, disciplina y ganas de superarse, pero a quienes los recursos econ\u00f3micos no les alcanzan para continuar sus estudios ni acceder a mejores oportunidades laborales. Por eso, la Compa\u00f1\u00eda de Jes\u00fas en la Rep\u00fablica Dominicana se ha unido a Fundaci\u00f3n Garrido para ofrecerles un cr\u00e9dito educativo solidario en condiciones sumamente [&hellip;]\" \/>\n<meta property=\"og:url\" content=\"https:\/\/sjcarib.org\/en\/fundacion-garrido-impulsando-el-futuro-de-los-jovenes-dominicanos\/\" \/>\n<meta property=\"og:site_name\" content=\"Provincia Jesuita del Caribe - Compa\u00f1\u00eda de Jes\u00fas\" \/>\n<meta property=\"article:publisher\" content=\"https:\/\/sjcarib.org\" \/>\n<meta property=\"article:published_time\" content=\"2026-08-28T22:13:40+00:00\" \/>\n<meta property=\"article:modified_time\" content=\"2026-08-28T22:13:44+00:00\" \/>\n<meta property=\"og:image\" content=\"https:\/\/sjcarib.org\/wp-content\/uploads\/2026\/08\/1.png\" \/>\n\t<meta property=\"og:image:width\" content=\"1920\" \/>\n\t<meta property=\"og:image:height\" content=\"1080\" \/>\n\t<meta property=\"og:image:type\" content=\"image\/png\" \/>\n<meta name=\"author\" content=\"Oficina de Comunicaciones Jesuitas del Caribe\" \/>\n<meta name=\"twitter:card\" content=\"summary_large_image\" \/>\n<meta name=\"twitter:label1\" content=\"Written by\" \/>\n\t<meta name=\"twitter:data1\" content=\"Oficina de Comunicaciones Jesuitas del Caribe\" \/>\n\t<meta name=\"twitter:label2\" content=\"Est. reading time\" \/>\n\t<meta name=\"twitter:data2\" content=\"2 minutes\" \/>\n<script type=\"application\/ld+json\" class=\"yoast-schema-graph\">{\"@context\":\"https:\\\/\\\/schema.org\",\"@graph\":[{\"@type\":\"Article\",\"@id\":\"https:\\\/\\\/sjcarib.org\\\/fundacion-garrido-impulsando-el-futuro-de-los-jovenes-dominicanos\\\/#article\",\"isPartOf\":{\"@id\":\"https:\\\/\\\/sjcarib.org\\\/fundacion-garrido-impulsando-el-futuro-de-los-jovenes-dominicanos\\\/\"},\"author\":{\"name\":\"Oficina de Comunicaciones Jesuitas del Caribe\",\"@id\":\"https:\\\/\\\/sjcarib.org\\\/#\\\/schema\\\/person\\\/9df978a34b65501374577b3de048a07b\"},\"headline\":\"Fundaci\u00f3n Garrido: impulsando el futuro de los j\u00f3venes dominicanos\",\"datePublished\":\"2026-08-28T22:13:40+00:00\",\"dateModified\":\"2026-08-28T22:13:44+00:00\",\"mainEntityOfPage\":{\"@id\":\"https:\\\/\\\/sjcarib.org\\\/fundacion-garrido-impulsando-el-futuro-de-los-jovenes-dominicanos\\\/\"},\"wordCount\":319,\"publisher\":{\"@id\":\"https:\\\/\\\/sjcarib.org\\\/#organization\"},\"image\":{\"@id\":\"https:\\\/\\\/sjcarib.org\\\/fundacion-garrido-impulsando-el-futuro-de-los-jovenes-dominicanos\\\/#primaryimage\"},\"thumbnailUrl\":\"https:\\\/\\\/sjcarib.org\\\/wp-content\\\/uploads\\\/2026\\\/08\\\/1.png\",\"articleSection\":[\"Jesuitas Caribe\",\"Oficina de Comunicaciones\",\"Rep\u00fablica Dominicana\"],\"inLanguage\":\"en-US\"},{\"@type\":\"WebPage\",\"@id\":\"https:\\\/\\\/sjcarib.org\\\/fundacion-garrido-impulsando-el-futuro-de-los-jovenes-dominicanos\\\/\",\"url\":\"https:\\\/\\\/sjcarib.org\\\/fundacion-garrido-impulsando-el-futuro-de-los-jovenes-dominicanos\\\/\",\"name\":\"Fundaci\u00f3n Garrido: impulsando el futuro de los j\u00f3venes dominicanos - Provincia Jesuita del Caribe - Compa\u00f1\u00eda de Jes\u00fas\",\"isPartOf\":{\"@id\":\"https:\\\/\\\/sjcarib.org\\\/#website\"},\"primaryImageOfPage\":{\"@id\":\"https:\\\/\\\/sjcarib.org\\\/fundacion-garrido-impulsando-el-futuro-de-los-jovenes-dominicanos\\\/#primaryimage\"},\"image\":{\"@id\":\"https:\\\/\\\/sjcarib.org\\\/fundacion-garrido-impulsando-el-futuro-de-los-jovenes-dominicanos\\\/#primaryimage\"},\"thumbnailUrl\":\"https:\\\/\\\/sjcarib.org\\\/wp-content\\\/uploads\\\/2026\\\/08\\\/1.png\",\"datePublished\":\"2026-08-28T22:13:40+00:00\",\"dateModified\":\"2026-08-28T22:13:44+00:00\",\"breadcrumb\":{\"@id\":\"https:\\\/\\\/sjcarib.org\\\/fundacion-garrido-impulsando-el-futuro-de-los-jovenes-dominicanos\\\/#breadcrumb\"},\"inLanguage\":\"en-US\",\"potentialAction\":[{\"@type\":\"ReadAction\",\"target\":[\"https:\\\/\\\/sjcarib.org\\\/fundacion-garrido-impulsando-el-futuro-de-los-jovenes-dominicanos\\\/\"]}]},{\"@type\":\"ImageObject\",\"inLanguage\":\"en-US\",\"@id\":\"https:\\\/\\\/sjcarib.org\\\/fundacion-garrido-impulsando-el-futuro-de-los-jovenes-dominicanos\\\/#primaryimage\",\"url\":\"https:\\\/\\\/sjcarib.org\\\/wp-content\\\/uploads\\\/2026\\\/08\\\/1.png\",\"contentUrl\":\"https:\\\/\\\/sjcarib.org\\\/wp-content\\\/uploads\\\/2026\\\/08\\\/1.png\",\"width\":1920,\"height\":1080},{\"@type\":\"BreadcrumbList\",\"@id\":\"https:\\\/\\\/sjcarib.org\\\/fundacion-garrido-impulsando-el-futuro-de-los-jovenes-dominicanos\\\/#breadcrumb\",\"itemListElement\":[{\"@type\":\"ListItem\",\"position\":1,\"name\":\"Portada\",\"item\":\"https:\\\/\\\/sjcarib.org\\\/\"},{\"@type\":\"ListItem\",\"position\":2,\"name\":\"Fundaci\u00f3n Garrido: impulsando el futuro de los j\u00f3venes dominicanos\"}]},{\"@type\":\"WebSite\",\"@id\":\"https:\\\/\\\/sjcarib.org\\\/#website\",\"url\":\"https:\\\/\\\/sjcarib.org\\\/\",\"name\":\"Provincia Jesuita del Caribe - Compa\u00f1\u00eda de Jes\u00fas\",\"description\":\"Somos compa\u00f1eros de Jes\u00fas en una misi\u00f3n de reconciliaci\u00f3n y justicia. Desde el Evangelio, deseamos contribuir a un territorio m\u00e1s justo, solidario y fraterno, siendo signo de esperanza, cercan\u00eda y reconciliaci\u00f3n en medio de las realidades del mar Caribe.\",\"publisher\":{\"@id\":\"https:\\\/\\\/sjcarib.org\\\/#organization\"},\"alternateName\":\"Jesuitas Caribe\",\"potentialAction\":[{\"@type\":\"SearchAction\",\"target\":{\"@type\":\"EntryPoint\",\"urlTemplate\":\"https:\\\/\\\/sjcarib.org\\\/?s={search_term_string}\"},\"query-input\":{\"@type\":\"PropertyValueSpecification\",\"valueRequired\":true,\"valueName\":\"search_term_string\"}}],\"inLanguage\":\"en-US\"},{\"@type\":\"Organization\",\"@id\":\"https:\\\/\\\/sjcarib.org\\\/#organization\",\"name\":\"Provincia Jesuita del Caribe - Compa\u00f1\u00eda de Jes\u00fas\",\"alternateName\":\"Jesuitas Caribe\",\"url\":\"https:\\\/\\\/sjcarib.org\\\/\",\"logo\":{\"@type\":\"ImageObject\",\"inLanguage\":\"en-US\",\"@id\":\"https:\\\/\\\/sjcarib.org\\\/#\\\/schema\\\/logo\\\/image\\\/\",\"url\":\"https:\\\/\\\/sjcarib.org\\\/wp-content\\\/uploads\\\/2025\\\/11\\\/logotipo-jesuitas-caribe.png\",\"contentUrl\":\"https:\\\/\\\/sjcarib.org\\\/wp-content\\\/uploads\\\/2025\\\/11\\\/logotipo-jesuitas-caribe.png\",\"width\":360,\"height\":143,\"caption\":\"Provincia Jesuita del Caribe - Compa\u00f1\u00eda de Jes\u00fas\"},\"image\":{\"@id\":\"https:\\\/\\\/sjcarib.org\\\/#\\\/schema\\\/logo\\\/image\\\/\"},\"sameAs\":[\"https:\\\/\\\/sjcarib.org\",\"https:\\\/\\\/www.instagram.com\\\/jesuitascaribe\\\/\",\"https:\\\/\\\/www.youtube.com\\\/@JesuitasCaribe\"]},{\"@type\":\"Person\",\"@id\":\"https:\\\/\\\/sjcarib.org\\\/#\\\/schema\\\/person\\\/9df978a34b65501374577b3de048a07b\",\"name\":\"Oficina de Comunicaciones Jesuitas del Caribe\",\"image\":{\"@type\":\"ImageObject\",\"inLanguage\":\"en-US\",\"@id\":\"https:\\\/\\\/secure.gravatar.com\\\/avatar\\\/98443961800254673b6f9fe9416eddcc775f755a264a4849f26bd480a7642f51?s=96&d=mm&r=g\",\"url\":\"https:\\\/\\\/secure.gravatar.com\\\/avatar\\\/98443961800254673b6f9fe9416eddcc775f755a264a4849f26bd480a7642f51?s=96&d=mm&r=g\",\"contentUrl\":\"https:\\\/\\\/secure.gravatar.com\\\/avatar\\\/98443961800254673b6f9fe9416eddcc775f755a264a4849f26bd480a7642f51?s=96&d=mm&r=g\",\"caption\":\"Oficina de Comunicaciones Jesuitas del Caribe\"},\"url\":\"https:\\\/\\\/sjcarib.org\\\/en\\\/author\\\/oficina-de-comunicaciones-jesuitas-del-caribe\\\/\"}]}<\/script>\n<!-- \/ Yoast SEO plugin. -->","yoast_head_json":{"title":"Fundaci\u00f3n Garrido: impulsando el futuro de los j\u00f3venes dominicanos - Provincia Jesuita del Caribe - Compa\u00f1\u00eda de Jes\u00fas","robots":{"index":"index","follow":"follow","max-snippet":"max-snippet:-1","max-image-preview":"max-image-preview:large","max-video-preview":"max-video-preview:-1"},"canonical":"https:\/\/sjcarib.org\/en\/fundacion-garrido-impulsando-el-futuro-de-los-jovenes-dominicanos\/","og_locale":"en_US","og_type":"article","og_title":"Fundaci\u00f3n Garrido: impulsando el futuro de los j\u00f3venes dominicanos - Provincia Jesuita del Caribe - Compa\u00f1\u00eda de Jes\u00fas","og_description":"En Quisqueya hay j\u00f3venes con talento, disciplina y ganas de superarse, pero a quienes los recursos econ\u00f3micos no les alcanzan para continuar sus estudios ni acceder a mejores oportunidades laborales. Por eso, la Compa\u00f1\u00eda de Jes\u00fas en la Rep\u00fablica Dominicana se ha unido a Fundaci\u00f3n Garrido para ofrecerles un cr\u00e9dito educativo solidario en condiciones sumamente [&hellip;]","og_url":"https:\/\/sjcarib.org\/en\/fundacion-garrido-impulsando-el-futuro-de-los-jovenes-dominicanos\/","og_site_name":"Provincia Jesuita del Caribe - Compa\u00f1\u00eda de Jes\u00fas","article_publisher":"https:\/\/sjcarib.org","article_published_time":"2026-08-28T22:13:40+00:00","article_modified_time":"2026-08-28T22:13:44+00:00","og_image":[{"width":1920,"height":1080,"url":"https:\/\/sjcarib.org\/wp-content\/uploads\/2026\/08\/1.png","type":"image\/png"}],"author":"Oficina de Comunicaciones Jesuitas del Caribe","twitter_card":"summary_large_image","twitter_misc":{"Written by":"Oficina de Comunicaciones Jesuitas del Caribe","Est. reading time":"2 minutes"},"schema":{"@context":"https:\/\/schema.org","@graph":[{"@type":"Article","@id":"https:\/\/sjcarib.org\/fundacion-garrido-impulsando-el-futuro-de-los-jovenes-dominicanos\/#article","isPartOf":{"@id":"https:\/\/sjcarib.org\/fundacion-garrido-impulsando-el-futuro-de-los-jovenes-dominicanos\/"},"author":{"name":"Oficina de Comunicaciones Jesuitas del Caribe","@id":"https:\/\/sjcarib.org\/#\/schema\/person\/9df978a34b65501374577b3de048a07b"},"headline":"Fundaci\u00f3n Garrido: impulsando el futuro de los j\u00f3venes dominicanos","datePublished":"2026-08-28T22:13:40+00:00","dateModified":"2026-08-28T22:13:44+00:00","mainEntityOfPage":{"@id":"https:\/\/sjcarib.org\/fundacion-garrido-impulsando-el-futuro-de-los-jovenes-dominicanos\/"},"wordCount":319,"publisher":{"@id":"https:\/\/sjcarib.org\/#organization"},"image":{"@id":"https:\/\/sjcarib.org\/fundacion-garrido-impulsando-el-futuro-de-los-jovenes-dominicanos\/#primaryimage"},"thumbnailUrl":"https:\/\/sjcarib.org\/wp-content\/uploads\/2026\/08\/1.png","articleSection":["Jesuitas Caribe","Oficina de Comunicaciones","Rep\u00fablica Dominicana"],"inLanguage":"en-US"},{"@type":"WebPage","@id":"https:\/\/sjcarib.org\/fundacion-garrido-impulsando-el-futuro-de-los-jovenes-dominicanos\/","url":"https:\/\/sjcarib.org\/fundacion-garrido-impulsando-el-futuro-de-los-jovenes-dominicanos\/","name":"Fundaci\u00f3n Garrido: impulsando el futuro de los j\u00f3venes dominicanos - Provincia Jesuita del Caribe - Compa\u00f1\u00eda de Jes\u00fas","isPartOf":{"@id":"https:\/\/sjcarib.org\/#website"},"primaryImageOfPage":{"@id":"https:\/\/sjcarib.org\/fundacion-garrido-impulsando-el-futuro-de-los-jovenes-dominicanos\/#primaryimage"},"image":{"@id":"https:\/\/sjcarib.org\/fundacion-garrido-impulsando-el-futuro-de-los-jovenes-dominicanos\/#primaryimage"},"thumbnailUrl":"https:\/\/sjcarib.org\/wp-content\/uploads\/2026\/08\/1.png","datePublished":"2026-08-28T22:13:40+00:00","dateModified":"2026-08-28T22:13:44+00:00","breadcrumb":{"@id":"https:\/\/sjcarib.org\/fundacion-garrido-impulsando-el-futuro-de-los-jovenes-dominicanos\/#breadcrumb"},"inLanguage":"en-US","potentialAction":[{"@type":"ReadAction","target":["https:\/\/sjcarib.org\/fundacion-garrido-impulsando-el-futuro-de-los-jovenes-dominicanos\/"]}]},{"@type":"ImageObject","inLanguage":"en-US","@id":"https:\/\/sjcarib.org\/fundacion-garrido-impulsando-el-futuro-de-los-jovenes-dominicanos\/#primaryimage","url":"https:\/\/sjcarib.org\/wp-content\/uploads\/2026\/08\/1.png","contentUrl":"https:\/\/sjcarib.org\/wp-content\/uploads\/2026\/08\/1.png","width":1920,"height":1080},{"@type":"BreadcrumbList","@id":"https:\/\/sjcarib.org\/fundacion-garrido-impulsando-el-futuro-de-los-jovenes-dominicanos\/#breadcrumb","itemListElement":[{"@type":"ListItem","position":1,"name":"Portada","item":"https:\/\/sjcarib.org\/"},{"@type":"ListItem","position":2,"name":"Fundaci\u00f3n Garrido: impulsando el futuro de los j\u00f3venes dominicanos"}]},{"@type":"WebSite","@id":"https:\/\/sjcarib.org\/#website","url":"https:\/\/sjcarib.org\/","name":"Jesuit Province of the Caribbean - Society of Jesus","description":"We are companions of Jesus on a mission of reconciliation and justice. From the Gospel, we wish to contribute to a more just, supportive, and fraternal territory, being a sign of hope, closeness, and reconciliation amidst the realities of the Caribbean Sea.","publisher":{"@id":"https:\/\/sjcarib.org\/#organization"},"alternateName":"Jesuitas Caribe","potentialAction":[{"@type":"SearchAction","target":{"@type":"EntryPoint","urlTemplate":"https:\/\/sjcarib.org\/?s={search_term_string}"},"query-input":{"@type":"PropertyValueSpecification","valueRequired":true,"valueName":"search_term_string"}}],"inLanguage":"en-US"},{"@type":"Organization","@id":"https:\/\/sjcarib.org\/#organization","name":"Jesuit Province of the Caribbean - Society of Jesus","alternateName":"Jesuitas Caribe","url":"https:\/\/sjcarib.org\/","logo":{"@type":"ImageObject","inLanguage":"en-US","@id":"https:\/\/sjcarib.org\/#\/schema\/logo\/image\/","url":"https:\/\/sjcarib.org\/wp-content\/uploads\/2025\/11\/logotipo-jesuitas-caribe.png","contentUrl":"https:\/\/sjcarib.org\/wp-content\/uploads\/2025\/11\/logotipo-jesuitas-caribe.png","width":360,"height":143,"caption":"Provincia Jesuita del Caribe - Compa\u00f1\u00eda de Jes\u00fas"},"image":{"@id":"https:\/\/sjcarib.org\/#\/schema\/logo\/image\/"},"sameAs":["https:\/\/sjcarib.org","https:\/\/www.instagram.com\/jesuitascaribe\/","https:\/\/www.youtube.com\/@JesuitasCaribe"]},{"@type":"Person","@id":"https:\/\/sjcarib.org\/#\/schema\/person\/9df978a34b65501374577b3de048a07b","name":"Jesuit Caribbean Communications Office","image":{"@type":"ImageObject","inLanguage":"en-US","@id":"https:\/\/secure.gravatar.com\/avatar\/98443961800254673b6f9fe9416eddcc775f755a264a4849f26bd480a7642f51?s=96&d=mm&r=g","url":"https:\/\/secure.gravatar.com\/avatar\/98443961800254673b6f9fe9416eddcc775f755a264a4849f26bd480a7642f51?s=96&d=mm&r=g","contentUrl":"https:\/\/secure.gravatar.com\/avatar\/98443961800254673b6f9fe9416eddcc775f755a264a4849f26bd480a7642f51?s=96&d=mm&r=g","caption":"Oficina de Comunicaciones Jesuitas del Caribe"},"url":"https:\/\/sjcarib.org\/en\/author\/oficina-de-comunicaciones-jesuitas-del-caribe\/"}]}},"_links":{"self":[{"href":"https:\/\/sjcarib.org\/en\/wp-json\/wp\/v2\/posts\/2830","targetHints":{"allow":["GET"]}}],"collection":[{"href":"https:\/\/sjcarib.org\/en\/wp-json\/wp\/v2\/posts"}],"about":[{"href":"https:\/\/sjcarib.org\/en\/wp-json\/wp\/v2\/types\/post"}],"author":[{"embeddable":true,"href":"https:\/\/sjcarib.org\/en\/wp-json\/wp\/v2\/users\/2"}],"replies":[{"embeddable":true,"href":"https:\/\/sjcarib.org\/en\/wp-json\/wp\/v2\/comments?post=2830"}],"version-history":[{"count":1,"href":"https:\/\/sjcarib.org\/en\/wp-json\/wp\/v2\/posts\/2830\/revisions"}],"predecessor-version":[{"id":2832,"href":"https:\/\/sjcarib.org\/en\/wp-json\/wp\/v2\/posts\/2830\/revisions\/2832"}],"wp:featuredmedia":[{"embeddable":true,"href":"https:\/\/sjcarib.org\/en\/wp-json\/wp\/v2\/media\/2831"}],"wp:attachment":[{"href":"https:\/\/sjcarib.org\/en\/wp-json\/wp\/v2\/media?parent=2830"}],"wp:term":[{"taxonomy":"category","embeddable":true,"href":"https:\/\/sjcarib.org\/en\/wp-json\/wp\/v2\/categories?post=2830"},{"taxonomy":"post_tag","embeddable":true,"href":"https:\/\/sjcarib.org\/en\/wp-json\/wp\/v2\/tags?post=2830"}],"curies":[{"name":"wp","href":"https:\/\/api.w.org\/{rel}","templated":true}]}}