{"id":2833,"date":"2026-09-02T14:49:05","date_gmt":"2026-09-02T19:49:05","guid":{"rendered":"https:\/\/sjcarib.org\/?p=2833"},"modified":"2026-09-02T17:52:10","modified_gmt":"2026-09-02T22:52:10","slug":"carta-del-provincial-p-jorge-william-hernandez-sj-a-la-red-educativa-del-caribe-por-el-inicio-del-ano-academico-2026-2027","status":"publish","type":"post","link":"https:\/\/sjcarib.org\/en\/carta-del-provincial-p-jorge-william-hernandez-sj-a-la-red-educativa-del-caribe-por-el-inicio-del-ano-academico-2026-2027\/","title":{"rendered":"Letter from the Provincial Fr. Jorge William Hern\u00e1ndez, SJ to the Caribbean Educational Network for the start of the 2026-2027 academic year"},"content":{"rendered":"<p class=\"has-text-align-right wp-block-paragraph\">Santo Domingo, September 2, 2026<\/p>\n\n\n\n<p class=\"has-text-align-left wp-block-paragraph\">Dear Directors, Members, and Collaborators of the Caribbean Jesuit Educational Network:<\/p>\n\n\n\n<p class=\"has-text-align-left wp-block-paragraph\">Inspired by the one and true Teacher, Jesus, and with the conviction that educating is a true act of love and service, we begin this new academic year by offering our children, adolescents, and youth a new opportunity to be formed in the values that, for decades, have prevailed, even in contexts full of challenges, but also of opportunities.<\/p>\n\n\n\n<p class=\"has-text-align-left wp-block-paragraph\">The educational apostolate is an important pillar in our Province, present in various modalities and across all sections. These modalities include primary, secondary, higher, and informal education centers.&nbsp;<\/p>\n\n\n\n<p class=\"has-text-align-left wp-block-paragraph\">Educational spaces are a very rich environment for embodying <em>Universal Apostolic Preferences<\/em>, in particular, <em>show the way to God<\/em> y <em>to accompany young people<\/em>. I wish to invite you so that this new academic year is marked by reflection, not only among the Jesuits, but as an educational community, on these two preferences. A document that can serve as a support point for this reflection is the one prepared by the International Commission on the Apostolate of Jesuit Education of the Society of Jesus and entitled <em>Jesuit Schools: A Living Tradition in the 21st Century<\/em>. It lists ten global indicators that can help us foster reflection, because they specifically point out some of the features that characterize and should guide the Society's educational centers. Our educational centers are called to:&nbsp;<\/p>\n\n\n\n<p class=\"has-text-align-left wp-block-paragraph\">being Catholic and offering deep faith formation, in dialogue with other religions and worldviews; creating a safe and healthy environment for everyone; promoting global citizenship; fostering care for creation and justice; being accessible to all; promoting interculturality; being a global network in the service of the mission; cultivating human excellence; and encouraging lifelong learning<sup data-fn=\"7d892863-f0bc-4590-9719-6e03e11494aa\" class=\"fn\"><a href=\"#7d892863-f0bc-4590-9719-6e03e11494aa\" id=\"7d892863-f0bc-4590-9719-6e03e11494aa-link\">1<\/a><\/sup>.<\/p>\n\n\n\n<p class=\"has-text-align-left wp-block-paragraph\">Education, as a dynamic of growth and integration of the educational community \u2014teachers, administrators, students, families, and the local Church\u2014 also embraces the vocation of being a space for profound humanization, as Pope Leo XIV kindly invites us to in his encyclical <em>Magnificent Humanity<\/em>:<\/p>\n\n\n\n<p class=\"has-text-align-left wp-block-paragraph\">If we are not attentive, an educational system devoid of a love for truth may emerge, in which the incessant flow of information replaces the exercise of inquiry, reflection, and discernment. Fragmented knowledge multiplies, but grasping reality as a whole, asking questions about the meaning of things, and developing authentic critical and creative thinking become more difficult. Many educators already perceive the signs of a possible dehumanization, in which people \u201cknow many things\u201d but have difficulty giving meaning to their lives\u2014also due to the inability to connect information and knowledge\u2014and keeping the horizon of meaning in view. It is necessary to promote a true hygiene of attention: rhythms that include silence, reflective study, reading, and weighed analysis; without these elements, inner freedom may be compromised.<sup data-fn=\"fa4ef457-91ba-4a08-9b33-ebb0f93e6a8a\" class=\"fn\"><a href=\"#fa4ef457-91ba-4a08-9b33-ebb0f93e6a8a\" id=\"fa4ef457-91ba-4a08-9b33-ebb0f93e6a8a-link\">2<\/a><\/sup><\/p>\n\n\n\n<p class=\"has-text-align-left wp-block-paragraph\">In this 2026-2027 academic year, we are invited to guide those who are being educated in our educational centers based on these criteria, in order to foster a culture of encounter, educational quality, and, above all, to reveal the face of God, who became human to make us more human.<\/p>\n\n\n\n<p class=\"has-text-align-left wp-block-paragraph\">Filled with faith, let us keep going with enthusiasm along the path that those who came before us began one day, and which it is now our turn to continue, writing new pages of our history as educators.<\/p>\n\n\n\n<p class=\"has-text-align-left wp-block-paragraph\">May Saint Ignatius of Loyola and Our Lady guide and inspire every moment of the days ahead of us. I am confident that we will not lack opportunities to be grateful for every experience and every lesson.<\/p>\n\n\n\n<p class=\"wp-block-paragraph\"><\/p>\n\n\n\n<p class=\"has-text-align-left wp-block-paragraph\">Fr. Jorge William Hern\u00e1ndez, SJ<\/p>\n\n\n\n<p class=\"has-text-align-left wp-block-paragraph\">Caribbean Provincial.&nbsp;<\/p>\n\n\n\n<p class=\"wp-block-paragraph\"><\/p>\n\n\n\n<p class=\"wp-block-paragraph\"><\/p>\n\n\n\n<p class=\"wp-block-paragraph\">1 <a href=\"https:\/\/www.jesuits.global\/sj_files\/2021\/06\/Una_tradici%25C3%25B3n_viva_ES.pdf\">https:\/\/www.jesuits.global\/sj_files\/2021\/06\/Una_tradici%C3%B3n_viva_ES.pdf<\/a><\/p>\n\n\n\n<p class=\"wp-block-paragraph\">https:\/\/www.jesuits.global\/sj_files\/2021\/06\/A_Living_Tradition_EN.pdf <\/p>\n\n\n\n<p class=\"wp-block-paragraph\"><\/p>\n\n\n\n<p class=\"wp-block-paragraph\">2 Leo XIV, <em>Magnificent Humanity<\/em>, n. 146. <\/p>\n\n\n<ol class=\"wp-block-footnotes\"><li id=\"7d892863-f0bc-4590-9719-6e03e11494aa\"> <a href=\"#7d892863-f0bc-4590-9719-6e03e11494aa-link\" aria-label=\"Jump to footnote reference 1\">\u21a9\ufe0e<\/a><\/li><li id=\"fa4ef457-91ba-4a08-9b33-ebb0f93e6a8a\"> <a href=\"#fa4ef457-91ba-4a08-9b33-ebb0f93e6a8a-link\" aria-label=\"Jump to footnote reference 2\">\u21a9\ufe0e<\/a><\/li><\/ol>","protected":false},"excerpt":{"rendered":"<p>Santo Domingo, 2 de septiembre de 2026 Estimados directores, miembros y colaboradores de la Red Educativa Jesuitas del Caribe: Inspirados en el \u00fanico y verdadero Maestro, Jes\u00fas, y con la convicci\u00f3n de que educar es un verdadero acto de amor y servicio, iniciamos este nuevo a\u00f1o acad\u00e9mico ofreciendo a nuestros ni\u00f1os, adolescentes y j\u00f3venes una [&hellip;]<\/p>\n","protected":false},"author":2,"featured_media":2843,"comment_status":"closed","ping_status":"closed","sticky":false,"template":"","format":"standard","meta":{"footnotes":"[{\"id\":\"7d892863-f0bc-4590-9719-6e03e11494aa\",\"content\":\"\"},{\"id\":\"fa4ef457-91ba-4a08-9b33-ebb0f93e6a8a\",\"content\":\"\"}]"},"categories":[30,23,24],"tags":[],"class_list":["post-2833","post","type-post","status-publish","format-standard","has-post-thumbnail","hentry","category-jesuitas-caribe","category-oficina-de-comunicaciones","category-republica-dominicana"],"yoast_head":"<!-- This site is optimized with the Yoast SEO plugin v27.7 - https:\/\/yoast.com\/product\/yoast-seo-wordpress\/ -->\n<title>Carta del Provincial P. Jorge William Hern\u00e1ndez, SJ a la Red educativa del Caribe por el inicio del a\u00f1o acad\u00e9mico 2026-2027 - Provincia Jesuita del Caribe - Compa\u00f1\u00eda de Jes\u00fas<\/title>\n<meta name=\"robots\" content=\"index, follow, max-snippet:-1, max-image-preview:large, max-video-preview:-1\" \/>\n<link rel=\"canonical\" href=\"https:\/\/sjcarib.org\/en\/carta-del-provincial-p-jorge-william-hernandez-sj-a-la-red-educativa-del-caribe-por-el-inicio-del-ano-academico-2026-2027\/\" \/>\n<meta property=\"og:locale\" content=\"en_US\" \/>\n<meta property=\"og:type\" content=\"article\" \/>\n<meta property=\"og:title\" content=\"Carta del Provincial P. Jorge William Hern\u00e1ndez, SJ a la Red educativa del Caribe por el inicio del a\u00f1o acad\u00e9mico 2026-2027 - Provincia Jesuita del Caribe - Compa\u00f1\u00eda de Jes\u00fas\" \/>\n<meta property=\"og:description\" content=\"Santo Domingo, 2 de septiembre de 2026 Estimados directores, miembros y colaboradores de la Red Educativa Jesuitas del Caribe: Inspirados en el \u00fanico y verdadero Maestro, Jes\u00fas, y con la convicci\u00f3n de que educar es un verdadero acto de amor y servicio, iniciamos este nuevo a\u00f1o acad\u00e9mico ofreciendo a nuestros ni\u00f1os, adolescentes y j\u00f3venes una [&hellip;]\" \/>\n<meta property=\"og:url\" content=\"https:\/\/sjcarib.org\/en\/carta-del-provincial-p-jorge-william-hernandez-sj-a-la-red-educativa-del-caribe-por-el-inicio-del-ano-academico-2026-2027\/\" \/>\n<meta property=\"og:site_name\" content=\"Provincia Jesuita del Caribe - Compa\u00f1\u00eda de Jes\u00fas\" \/>\n<meta property=\"article:publisher\" content=\"https:\/\/sjcarib.org\" \/>\n<meta property=\"article:published_time\" content=\"2026-09-02T19:49:05+00:00\" \/>\n<meta property=\"article:modified_time\" content=\"2026-09-02T22:52:10+00:00\" \/>\n<meta property=\"og:image\" content=\"https:\/\/sjcarib.org\/wp-content\/uploads\/2026\/09\/Captura-de-pantalla-2026-09-02-a-las-6.25.29-p.-m-1024x683.png\" \/>\n\t<meta property=\"og:image:width\" content=\"1024\" \/>\n\t<meta property=\"og:image:height\" content=\"683\" \/>\n\t<meta property=\"og:image:type\" content=\"image\/png\" \/>\n<meta name=\"author\" content=\"Oficina de Comunicaciones Jesuitas del Caribe\" \/>\n<meta name=\"twitter:card\" content=\"summary_large_image\" \/>\n<meta name=\"twitter:label1\" content=\"Written by\" \/>\n\t<meta name=\"twitter:data1\" content=\"Oficina de Comunicaciones Jesuitas del Caribe\" \/>\n\t<meta name=\"twitter:label2\" content=\"Est. reading time\" \/>\n\t<meta name=\"twitter:data2\" content=\"4 minutes\" \/>\n<script type=\"application\/ld+json\" class=\"yoast-schema-graph\">{\"@context\":\"https:\\\/\\\/schema.org\",\"@graph\":[{\"@type\":\"Article\",\"@id\":\"https:\\\/\\\/sjcarib.org\\\/carta-del-provincial-p-jorge-william-hernandez-sj-a-la-red-educativa-del-caribe-por-el-inicio-del-ano-academico-2026-2027\\\/#article\",\"isPartOf\":{\"@id\":\"https:\\\/\\\/sjcarib.org\\\/carta-del-provincial-p-jorge-william-hernandez-sj-a-la-red-educativa-del-caribe-por-el-inicio-del-ano-academico-2026-2027\\\/\"},\"author\":{\"name\":\"Oficina de Comunicaciones Jesuitas del Caribe\",\"@id\":\"https:\\\/\\\/sjcarib.org\\\/#\\\/schema\\\/person\\\/9df978a34b65501374577b3de048a07b\"},\"headline\":\"Carta del Provincial P. Jorge William Hern\u00e1ndez, SJ a la Red educativa del Caribe por el inicio del a\u00f1o acad\u00e9mico 2026-2027\",\"datePublished\":\"2026-09-02T19:49:05+00:00\",\"dateModified\":\"2026-09-02T22:52:10+00:00\",\"mainEntityOfPage\":{\"@id\":\"https:\\\/\\\/sjcarib.org\\\/carta-del-provincial-p-jorge-william-hernandez-sj-a-la-red-educativa-del-caribe-por-el-inicio-del-ano-academico-2026-2027\\\/\"},\"wordCount\":735,\"publisher\":{\"@id\":\"https:\\\/\\\/sjcarib.org\\\/#organization\"},\"image\":{\"@id\":\"https:\\\/\\\/sjcarib.org\\\/carta-del-provincial-p-jorge-william-hernandez-sj-a-la-red-educativa-del-caribe-por-el-inicio-del-ano-academico-2026-2027\\\/#primaryimage\"},\"thumbnailUrl\":\"https:\\\/\\\/sjcarib.org\\\/wp-content\\\/uploads\\\/2026\\\/09\\\/Captura-de-pantalla-2026-09-02-a-las-6.25.29-p.-m-scaled.png\",\"articleSection\":[\"Jesuitas Caribe\",\"Oficina de Comunicaciones\",\"Rep\u00fablica Dominicana\"],\"inLanguage\":\"en-US\"},{\"@type\":\"WebPage\",\"@id\":\"https:\\\/\\\/sjcarib.org\\\/carta-del-provincial-p-jorge-william-hernandez-sj-a-la-red-educativa-del-caribe-por-el-inicio-del-ano-academico-2026-2027\\\/\",\"url\":\"https:\\\/\\\/sjcarib.org\\\/carta-del-provincial-p-jorge-william-hernandez-sj-a-la-red-educativa-del-caribe-por-el-inicio-del-ano-academico-2026-2027\\\/\",\"name\":\"Carta del Provincial P. Jorge William Hern\u00e1ndez, SJ a la Red educativa del Caribe por el inicio del a\u00f1o acad\u00e9mico 2026-2027 - Provincia Jesuita del Caribe - Compa\u00f1\u00eda de Jes\u00fas\",\"isPartOf\":{\"@id\":\"https:\\\/\\\/sjcarib.org\\\/#website\"},\"primaryImageOfPage\":{\"@id\":\"https:\\\/\\\/sjcarib.org\\\/carta-del-provincial-p-jorge-william-hernandez-sj-a-la-red-educativa-del-caribe-por-el-inicio-del-ano-academico-2026-2027\\\/#primaryimage\"},\"image\":{\"@id\":\"https:\\\/\\\/sjcarib.org\\\/carta-del-provincial-p-jorge-william-hernandez-sj-a-la-red-educativa-del-caribe-por-el-inicio-del-ano-academico-2026-2027\\\/#primaryimage\"},\"thumbnailUrl\":\"https:\\\/\\\/sjcarib.org\\\/wp-content\\\/uploads\\\/2026\\\/09\\\/Captura-de-pantalla-2026-09-02-a-las-6.25.29-p.-m-scaled.png\",\"datePublished\":\"2026-09-02T19:49:05+00:00\",\"dateModified\":\"2026-09-02T22:52:10+00:00\",\"breadcrumb\":{\"@id\":\"https:\\\/\\\/sjcarib.org\\\/carta-del-provincial-p-jorge-william-hernandez-sj-a-la-red-educativa-del-caribe-por-el-inicio-del-ano-academico-2026-2027\\\/#breadcrumb\"},\"inLanguage\":\"en-US\",\"potentialAction\":[{\"@type\":\"ReadAction\",\"target\":[\"https:\\\/\\\/sjcarib.org\\\/carta-del-provincial-p-jorge-william-hernandez-sj-a-la-red-educativa-del-caribe-por-el-inicio-del-ano-academico-2026-2027\\\/\"]}]},{\"@type\":\"ImageObject\",\"inLanguage\":\"en-US\",\"@id\":\"https:\\\/\\\/sjcarib.org\\\/carta-del-provincial-p-jorge-william-hernandez-sj-a-la-red-educativa-del-caribe-por-el-inicio-del-ano-academico-2026-2027\\\/#primaryimage\",\"url\":\"https:\\\/\\\/sjcarib.org\\\/wp-content\\\/uploads\\\/2026\\\/09\\\/Captura-de-pantalla-2026-09-02-a-las-6.25.29-p.-m-scaled.png\",\"contentUrl\":\"https:\\\/\\\/sjcarib.org\\\/wp-content\\\/uploads\\\/2026\\\/09\\\/Captura-de-pantalla-2026-09-02-a-las-6.25.29-p.-m-scaled.png\",\"width\":2560,\"height\":1707},{\"@type\":\"BreadcrumbList\",\"@id\":\"https:\\\/\\\/sjcarib.org\\\/carta-del-provincial-p-jorge-william-hernandez-sj-a-la-red-educativa-del-caribe-por-el-inicio-del-ano-academico-2026-2027\\\/#breadcrumb\",\"itemListElement\":[{\"@type\":\"ListItem\",\"position\":1,\"name\":\"Portada\",\"item\":\"https:\\\/\\\/sjcarib.org\\\/\"},{\"@type\":\"ListItem\",\"position\":2,\"name\":\"Carta del Provincial P. Jorge William Hern\u00e1ndez, SJ a la Red educativa del Caribe por el inicio del a\u00f1o acad\u00e9mico 2026-2027\"}]},{\"@type\":\"WebSite\",\"@id\":\"https:\\\/\\\/sjcarib.org\\\/#website\",\"url\":\"https:\\\/\\\/sjcarib.org\\\/\",\"name\":\"Provincia Jesuita del Caribe - Compa\u00f1\u00eda de Jes\u00fas\",\"description\":\"Somos compa\u00f1eros de Jes\u00fas en una misi\u00f3n de reconciliaci\u00f3n y justicia. Desde el Evangelio, deseamos contribuir a un territorio m\u00e1s justo, solidario y fraterno, siendo signo de esperanza, cercan\u00eda y reconciliaci\u00f3n en medio de las realidades del mar Caribe.\",\"publisher\":{\"@id\":\"https:\\\/\\\/sjcarib.org\\\/#organization\"},\"alternateName\":\"Jesuitas Caribe\",\"potentialAction\":[{\"@type\":\"SearchAction\",\"target\":{\"@type\":\"EntryPoint\",\"urlTemplate\":\"https:\\\/\\\/sjcarib.org\\\/?s={search_term_string}\"},\"query-input\":{\"@type\":\"PropertyValueSpecification\",\"valueRequired\":true,\"valueName\":\"search_term_string\"}}],\"inLanguage\":\"en-US\"},{\"@type\":\"Organization\",\"@id\":\"https:\\\/\\\/sjcarib.org\\\/#organization\",\"name\":\"Provincia Jesuita del Caribe - Compa\u00f1\u00eda de Jes\u00fas\",\"alternateName\":\"Jesuitas Caribe\",\"url\":\"https:\\\/\\\/sjcarib.org\\\/\",\"logo\":{\"@type\":\"ImageObject\",\"inLanguage\":\"en-US\",\"@id\":\"https:\\\/\\\/sjcarib.org\\\/#\\\/schema\\\/logo\\\/image\\\/\",\"url\":\"https:\\\/\\\/sjcarib.org\\\/wp-content\\\/uploads\\\/2025\\\/11\\\/logotipo-jesuitas-caribe.png\",\"contentUrl\":\"https:\\\/\\\/sjcarib.org\\\/wp-content\\\/uploads\\\/2025\\\/11\\\/logotipo-jesuitas-caribe.png\",\"width\":360,\"height\":143,\"caption\":\"Provincia Jesuita del Caribe - Compa\u00f1\u00eda de Jes\u00fas\"},\"image\":{\"@id\":\"https:\\\/\\\/sjcarib.org\\\/#\\\/schema\\\/logo\\\/image\\\/\"},\"sameAs\":[\"https:\\\/\\\/sjcarib.org\",\"https:\\\/\\\/www.instagram.com\\\/jesuitascaribe\\\/\",\"https:\\\/\\\/www.youtube.com\\\/@JesuitasCaribe\"]},{\"@type\":\"Person\",\"@id\":\"https:\\\/\\\/sjcarib.org\\\/#\\\/schema\\\/person\\\/9df978a34b65501374577b3de048a07b\",\"name\":\"Oficina de Comunicaciones Jesuitas del Caribe\",\"image\":{\"@type\":\"ImageObject\",\"inLanguage\":\"en-US\",\"@id\":\"https:\\\/\\\/secure.gravatar.com\\\/avatar\\\/98443961800254673b6f9fe9416eddcc775f755a264a4849f26bd480a7642f51?s=96&d=mm&r=g\",\"url\":\"https:\\\/\\\/secure.gravatar.com\\\/avatar\\\/98443961800254673b6f9fe9416eddcc775f755a264a4849f26bd480a7642f51?s=96&d=mm&r=g\",\"contentUrl\":\"https:\\\/\\\/secure.gravatar.com\\\/avatar\\\/98443961800254673b6f9fe9416eddcc775f755a264a4849f26bd480a7642f51?s=96&d=mm&r=g\",\"caption\":\"Oficina de Comunicaciones Jesuitas del Caribe\"},\"url\":\"https:\\\/\\\/sjcarib.org\\\/en\\\/author\\\/oficina-de-comunicaciones-jesuitas-del-caribe\\\/\"}]}<\/script>\n<!-- \/ Yoast SEO plugin. -->","yoast_head_json":{"title":"Carta del Provincial P. Jorge William Hern\u00e1ndez, SJ a la Red educativa del Caribe por el inicio del a\u00f1o acad\u00e9mico 2026-2027 - Provincia Jesuita del Caribe - Compa\u00f1\u00eda de Jes\u00fas","robots":{"index":"index","follow":"follow","max-snippet":"max-snippet:-1","max-image-preview":"max-image-preview:large","max-video-preview":"max-video-preview:-1"},"canonical":"https:\/\/sjcarib.org\/en\/carta-del-provincial-p-jorge-william-hernandez-sj-a-la-red-educativa-del-caribe-por-el-inicio-del-ano-academico-2026-2027\/","og_locale":"en_US","og_type":"article","og_title":"Carta del Provincial P. Jorge William Hern\u00e1ndez, SJ a la Red educativa del Caribe por el inicio del a\u00f1o acad\u00e9mico 2026-2027 - Provincia Jesuita del Caribe - Compa\u00f1\u00eda de Jes\u00fas","og_description":"Santo Domingo, 2 de septiembre de 2026 Estimados directores, miembros y colaboradores de la Red Educativa Jesuitas del Caribe: Inspirados en el \u00fanico y verdadero Maestro, Jes\u00fas, y con la convicci\u00f3n de que educar es un verdadero acto de amor y servicio, iniciamos este nuevo a\u00f1o acad\u00e9mico ofreciendo a nuestros ni\u00f1os, adolescentes y j\u00f3venes una [&hellip;]","og_url":"https:\/\/sjcarib.org\/en\/carta-del-provincial-p-jorge-william-hernandez-sj-a-la-red-educativa-del-caribe-por-el-inicio-del-ano-academico-2026-2027\/","og_site_name":"Provincia Jesuita del Caribe - Compa\u00f1\u00eda de Jes\u00fas","article_publisher":"https:\/\/sjcarib.org","article_published_time":"2026-09-02T19:49:05+00:00","article_modified_time":"2026-09-02T22:52:10+00:00","og_image":[{"width":1024,"height":683,"url":"https:\/\/sjcarib.org\/wp-content\/uploads\/2026\/09\/Captura-de-pantalla-2026-09-02-a-las-6.25.29-p.-m-1024x683.png","type":"image\/png"}],"author":"Oficina de Comunicaciones Jesuitas del Caribe","twitter_card":"summary_large_image","twitter_misc":{"Written by":"Oficina de Comunicaciones Jesuitas del Caribe","Est. reading time":"4 minutes"},"schema":{"@context":"https:\/\/schema.org","@graph":[{"@type":"Article","@id":"https:\/\/sjcarib.org\/carta-del-provincial-p-jorge-william-hernandez-sj-a-la-red-educativa-del-caribe-por-el-inicio-del-ano-academico-2026-2027\/#article","isPartOf":{"@id":"https:\/\/sjcarib.org\/carta-del-provincial-p-jorge-william-hernandez-sj-a-la-red-educativa-del-caribe-por-el-inicio-del-ano-academico-2026-2027\/"},"author":{"name":"Oficina de Comunicaciones Jesuitas del Caribe","@id":"https:\/\/sjcarib.org\/#\/schema\/person\/9df978a34b65501374577b3de048a07b"},"headline":"Carta del Provincial P. Jorge William Hern\u00e1ndez, SJ a la Red educativa del Caribe por el inicio del a\u00f1o acad\u00e9mico 2026-2027","datePublished":"2026-09-02T19:49:05+00:00","dateModified":"2026-09-02T22:52:10+00:00","mainEntityOfPage":{"@id":"https:\/\/sjcarib.org\/carta-del-provincial-p-jorge-william-hernandez-sj-a-la-red-educativa-del-caribe-por-el-inicio-del-ano-academico-2026-2027\/"},"wordCount":735,"publisher":{"@id":"https:\/\/sjcarib.org\/#organization"},"image":{"@id":"https:\/\/sjcarib.org\/carta-del-provincial-p-jorge-william-hernandez-sj-a-la-red-educativa-del-caribe-por-el-inicio-del-ano-academico-2026-2027\/#primaryimage"},"thumbnailUrl":"https:\/\/sjcarib.org\/wp-content\/uploads\/2026\/09\/Captura-de-pantalla-2026-09-02-a-las-6.25.29-p.-m-scaled.png","articleSection":["Jesuitas Caribe","Oficina de Comunicaciones","Rep\u00fablica Dominicana"],"inLanguage":"en-US"},{"@type":"WebPage","@id":"https:\/\/sjcarib.org\/carta-del-provincial-p-jorge-william-hernandez-sj-a-la-red-educativa-del-caribe-por-el-inicio-del-ano-academico-2026-2027\/","url":"https:\/\/sjcarib.org\/carta-del-provincial-p-jorge-william-hernandez-sj-a-la-red-educativa-del-caribe-por-el-inicio-del-ano-academico-2026-2027\/","name":"Carta del Provincial P. Jorge William Hern\u00e1ndez, SJ a la Red educativa del Caribe por el inicio del a\u00f1o acad\u00e9mico 2026-2027 - Provincia Jesuita del Caribe - Compa\u00f1\u00eda de Jes\u00fas","isPartOf":{"@id":"https:\/\/sjcarib.org\/#website"},"primaryImageOfPage":{"@id":"https:\/\/sjcarib.org\/carta-del-provincial-p-jorge-william-hernandez-sj-a-la-red-educativa-del-caribe-por-el-inicio-del-ano-academico-2026-2027\/#primaryimage"},"image":{"@id":"https:\/\/sjcarib.org\/carta-del-provincial-p-jorge-william-hernandez-sj-a-la-red-educativa-del-caribe-por-el-inicio-del-ano-academico-2026-2027\/#primaryimage"},"thumbnailUrl":"https:\/\/sjcarib.org\/wp-content\/uploads\/2026\/09\/Captura-de-pantalla-2026-09-02-a-las-6.25.29-p.-m-scaled.png","datePublished":"2026-09-02T19:49:05+00:00","dateModified":"2026-09-02T22:52:10+00:00","breadcrumb":{"@id":"https:\/\/sjcarib.org\/carta-del-provincial-p-jorge-william-hernandez-sj-a-la-red-educativa-del-caribe-por-el-inicio-del-ano-academico-2026-2027\/#breadcrumb"},"inLanguage":"en-US","potentialAction":[{"@type":"ReadAction","target":["https:\/\/sjcarib.org\/carta-del-provincial-p-jorge-william-hernandez-sj-a-la-red-educativa-del-caribe-por-el-inicio-del-ano-academico-2026-2027\/"]}]},{"@type":"ImageObject","inLanguage":"en-US","@id":"https:\/\/sjcarib.org\/carta-del-provincial-p-jorge-william-hernandez-sj-a-la-red-educativa-del-caribe-por-el-inicio-del-ano-academico-2026-2027\/#primaryimage","url":"https:\/\/sjcarib.org\/wp-content\/uploads\/2026\/09\/Captura-de-pantalla-2026-09-02-a-las-6.25.29-p.-m-scaled.png","contentUrl":"https:\/\/sjcarib.org\/wp-content\/uploads\/2026\/09\/Captura-de-pantalla-2026-09-02-a-las-6.25.29-p.-m-scaled.png","width":2560,"height":1707},{"@type":"BreadcrumbList","@id":"https:\/\/sjcarib.org\/carta-del-provincial-p-jorge-william-hernandez-sj-a-la-red-educativa-del-caribe-por-el-inicio-del-ano-academico-2026-2027\/#breadcrumb","itemListElement":[{"@type":"ListItem","position":1,"name":"Portada","item":"https:\/\/sjcarib.org\/"},{"@type":"ListItem","position":2,"name":"Carta del Provincial P. Jorge William Hern\u00e1ndez, SJ a la Red educativa del Caribe por el inicio del a\u00f1o acad\u00e9mico 2026-2027"}]},{"@type":"WebSite","@id":"https:\/\/sjcarib.org\/#website","url":"https:\/\/sjcarib.org\/","name":"Jesuit Province of the Caribbean - Society of Jesus","description":"We are companions of Jesus on a mission of reconciliation and justice. From the Gospel, we wish to contribute to a more just, supportive, and fraternal territory, being a sign of hope, closeness, and reconciliation amidst the realities of the Caribbean Sea.","publisher":{"@id":"https:\/\/sjcarib.org\/#organization"},"alternateName":"Jesuitas Caribe","potentialAction":[{"@type":"SearchAction","target":{"@type":"EntryPoint","urlTemplate":"https:\/\/sjcarib.org\/?s={search_term_string}"},"query-input":{"@type":"PropertyValueSpecification","valueRequired":true,"valueName":"search_term_string"}}],"inLanguage":"en-US"},{"@type":"Organization","@id":"https:\/\/sjcarib.org\/#organization","name":"Jesuit Province of the Caribbean - Society of Jesus","alternateName":"Jesuitas Caribe","url":"https:\/\/sjcarib.org\/","logo":{"@type":"ImageObject","inLanguage":"en-US","@id":"https:\/\/sjcarib.org\/#\/schema\/logo\/image\/","url":"https:\/\/sjcarib.org\/wp-content\/uploads\/2025\/11\/logotipo-jesuitas-caribe.png","contentUrl":"https:\/\/sjcarib.org\/wp-content\/uploads\/2025\/11\/logotipo-jesuitas-caribe.png","width":360,"height":143,"caption":"Provincia Jesuita del Caribe - Compa\u00f1\u00eda de Jes\u00fas"},"image":{"@id":"https:\/\/sjcarib.org\/#\/schema\/logo\/image\/"},"sameAs":["https:\/\/sjcarib.org","https:\/\/www.instagram.com\/jesuitascaribe\/","https:\/\/www.youtube.com\/@JesuitasCaribe"]},{"@type":"Person","@id":"https:\/\/sjcarib.org\/#\/schema\/person\/9df978a34b65501374577b3de048a07b","name":"Jesuit Caribbean Communications Office","image":{"@type":"ImageObject","inLanguage":"en-US","@id":"https:\/\/secure.gravatar.com\/avatar\/98443961800254673b6f9fe9416eddcc775f755a264a4849f26bd480a7642f51?s=96&d=mm&r=g","url":"https:\/\/secure.gravatar.com\/avatar\/98443961800254673b6f9fe9416eddcc775f755a264a4849f26bd480a7642f51?s=96&d=mm&r=g","contentUrl":"https:\/\/secure.gravatar.com\/avatar\/98443961800254673b6f9fe9416eddcc775f755a264a4849f26bd480a7642f51?s=96&d=mm&r=g","caption":"Oficina de Comunicaciones Jesuitas del Caribe"},"url":"https:\/\/sjcarib.org\/en\/author\/oficina-de-comunicaciones-jesuitas-del-caribe\/"}]}},"_links":{"self":[{"href":"https:\/\/sjcarib.org\/en\/wp-json\/wp\/v2\/posts\/2833","targetHints":{"allow":["GET"]}}],"collection":[{"href":"https:\/\/sjcarib.org\/en\/wp-json\/wp\/v2\/posts"}],"about":[{"href":"https:\/\/sjcarib.org\/en\/wp-json\/wp\/v2\/types\/post"}],"author":[{"embeddable":true,"href":"https:\/\/sjcarib.org\/en\/wp-json\/wp\/v2\/users\/2"}],"replies":[{"embeddable":true,"href":"https:\/\/sjcarib.org\/en\/wp-json\/wp\/v2\/comments?post=2833"}],"version-history":[{"count":4,"href":"https:\/\/sjcarib.org\/en\/wp-json\/wp\/v2\/posts\/2833\/revisions"}],"predecessor-version":[{"id":2845,"href":"https:\/\/sjcarib.org\/en\/wp-json\/wp\/v2\/posts\/2833\/revisions\/2845"}],"wp:featuredmedia":[{"embeddable":true,"href":"https:\/\/sjcarib.org\/en\/wp-json\/wp\/v2\/media\/2843"}],"wp:attachment":[{"href":"https:\/\/sjcarib.org\/en\/wp-json\/wp\/v2\/media?parent=2833"}],"wp:term":[{"taxonomy":"category","embeddable":true,"href":"https:\/\/sjcarib.org\/en\/wp-json\/wp\/v2\/categories?post=2833"},{"taxonomy":"post_tag","embeddable":true,"href":"https:\/\/sjcarib.org\/en\/wp-json\/wp\/v2\/tags?post=2833"}],"curies":[{"name":"wp","href":"https:\/\/api.w.org\/{rel}","templated":true}]}}